{"id":12634,"date":"2026-09-03T15:12:04","date_gmt":"2026-09-03T18:12:04","guid":{"rendered":"https:\/\/convergencia.tech\/inicio\/?p=12634"},"modified":"2026-09-03T15:12:05","modified_gmt":"2026-09-03T18:12:05","slug":"nanoporos-autoensamblados-detectan-en-tiempo-real-las-proteinas-del-parkinson-y-la-ela","status":"publish","type":"post","link":"https:\/\/convergencia.tech\/inicio\/nanoporos-autoensamblados-detectan-en-tiempo-real-las-proteinas-del-parkinson-y-la-ela\/","title":{"rendered":"Nanoporos autoensamblados detectan en tiempo real las prote\u00ednas del Parkinson y la ELA"},"content":{"rendered":"\n<p class=\"wp-block-paragraph\">Un equipo con participaci\u00f3n de la Universidad Constructor (Alemania) public\u00f3 en Nature Nanotechnology el desarrollo de nanoporos flexibles y autoensamblados capaces de detectar trazas de prote\u00ednas asociadas a enfermedades neurodegenerativas como el Parkinson y la esclerosis lateral amiotr\u00f3fica (ELA), con resoluci\u00f3n de una sola mol\u00e9cula y seguimiento en tiempo real del proceso de agregaci\u00f3n t\u00f3xica de esas prote\u00ednas. El dispositivo consiste en un p\u00e9ptido dise\u00f1ado que se autoensambla en nanoporos octam\u00e9ricos con estructura alfa-helicoidal, con di\u00e1metros y niveles de conductancia ajustables seg\u00fan la aplicaci\u00f3n.<\/p>\n\n\n\n<p class=\"wp-block-paragraph\">La capacidad de programar el di\u00e1metro del poro es lo que permite a los investigadores calibrar el dispositivo para detectar biomarcadores espec\u00edficos de distinto tama\u00f1o molecular, algo que los nanoporos de estructura fija utilizados hasta ahora en secuenciaci\u00f3n de ADN no logran con la misma flexibilidad. Al operar a resoluci\u00f3n de mol\u00e9cula individual, el sistema puede en teor\u00eda identificar se\u00f1ales de enfermedad mucho antes de que los s\u00edntomas cl\u00ednicos se manifiesten, un objetivo central de la medicina de precisi\u00f3n aplicada a enfermedades neurodegenerativas donde el diagn\u00f3stico temprano determina en gran medida el pron\u00f3stico del paciente.<\/p>\n\n\n\n<p class=\"wp-block-paragraph\">El desarrollo se inscribe en una ola m\u00e1s amplia de avances en nanoporos publicados durante agosto, que incluy\u00f3 tambi\u00e9n nanosensores de platino aplicados a electroencefalograf\u00eda y plataformas de electr\u00f3nica de piel de espesor nanom\u00e9trico. La convergencia de estas tecnolog\u00edas refleja un giro de la nanotecnolog\u00eda m\u00e9dica hacia dispositivos que no solo entregan f\u00e1rmacos, sino que tambi\u00e9n sensan y diagnostican con una sensibilidad que hasta hace pocos a\u00f1os solo era posible en laboratorios altamente especializados.<\/p>\n\n\n\n<p class=\"wp-block-paragraph\">Para pacientes con antecedentes familiares de Parkinson o ELA, o para quienes ya muestran s\u00edntomas leves e inespec\u00edficos, contar con una prueba capaz de detectar prote\u00ednas t\u00f3xicas en etapas muy tempranas podr\u00eda cambiar por completo la ventana de intervenci\u00f3n terap\u00e9utica disponible, incluso antes de que existan tratamientos capaces de revertir el da\u00f1o neurol\u00f3gico ya instalado. El desaf\u00edo que sigue pendiente es trasladar esta sensibilidad de laboratorio a un formato de diagn\u00f3stico cl\u00ednico validado, reproducible y accesible fuera de los centros de investigaci\u00f3n donde se desarroll\u00f3.<\/p>\n\n\n\n<p class=\"wp-block-paragraph\">Fuentes: Nature Nanotechnology (Nature Portfolio): <a href=\"https:\/\/www.nature.com\/subjects\/nanobiotechnology\">https:\/\/www.nature.com\/subjects\/nanobiotechnology<\/a> Nanowerk: <a href=\"https:\/\/nanowerk.com\/nanotechnology-news3\/newsid=70129.php\">https:\/\/nanowerk.com\/nanotechnology-news3\/newsid=70129.php<\/a><\/p>\n","protected":false},"excerpt":{"rendered":"<p>Un equipo con participaci\u00f3n de la Universidad Constructor (Alemania) public\u00f3 en Nature Nanotechnology el desarrollo de nanoporos flexibles y autoensamblados capaces de detectar trazas de prote\u00ednas asociadas a enfermedades neurodegenerativas como el Parkinson y la esclerosis lateral amiotr\u00f3fica (ELA), con resoluci\u00f3n de una sola mol\u00e9cula y seguimiento en tiempo real del proceso de agregaci\u00f3n t\u00f3xica [&hellip;]<\/p>\n","protected":false},"author":2,"featured_media":12635,"comment_status":"open","ping_status":"open","sticky":false,"template":"","format":"standard","meta":{"footnotes":""},"categories":[5],"tags":[],"class_list":["post-12634","post","type-post","status-publish","format-standard","has-post-thumbnail","hentry","category-nano"],"yoast_head":"<!-- This site is optimized with the Yoast SEO plugin v26.0 - https:\/\/yoast.com\/wordpress\/plugins\/seo\/ -->\n<title>Nanoporos autoensamblados detectan en tiempo real las prote\u00ednas del Parkinson y la ELA - Convergencia.tech<\/title>\n<meta name=\"description\" content=\"Nanoporos autoensamblados detectan en tiempo real las prote\u00ednas del Parkinson y la ELA\" \/>\n<meta name=\"robots\" content=\"index, follow, max-snippet:-1, max-image-preview:large, max-video-preview:-1\" \/>\n<link rel=\"canonical\" href=\"https:\/\/convergencia.tech\/inicio\/nanoporos-autoensamblados-detectan-en-tiempo-real-las-proteinas-del-parkinson-y-la-ela\/\" \/>\n<meta property=\"og:locale\" content=\"es_ES\" \/>\n<meta property=\"og:type\" content=\"article\" \/>\n<meta property=\"og:title\" content=\"Nanoporos autoensamblados detectan en tiempo real las prote\u00ednas del Parkinson y la ELA - Convergencia.tech\" \/>\n<meta property=\"og:description\" content=\"Nanoporos autoensamblados detectan en tiempo real las prote\u00ednas del Parkinson y la ELA\" \/>\n<meta property=\"og:url\" content=\"https:\/\/convergencia.tech\/inicio\/nanoporos-autoensamblados-detectan-en-tiempo-real-las-proteinas-del-parkinson-y-la-ela\/\" \/>\n<meta property=\"og:site_name\" content=\"Convergencia.tech\" \/>\n<meta property=\"article:published_time\" content=\"2026-09-03T18:12:04+00:00\" \/>\n<meta property=\"article:modified_time\" content=\"2026-09-03T18:12:05+00:00\" \/>\n<meta property=\"og:image\" content=\"https:\/\/convergencia.tech\/inicio\/wp-content\/uploads\/2026\/09\/ChatGPT-Image-3-sept-2026-15_11_24-1024x576.png\" \/>\n\t<meta property=\"og:image:width\" content=\"1024\" \/>\n\t<meta property=\"og:image:height\" content=\"576\" \/>\n\t<meta property=\"og:image:type\" content=\"image\/png\" \/>\n<meta name=\"author\" content=\"Claudio R Parrinello\" \/>\n<meta name=\"twitter:card\" content=\"summary_large_image\" \/>\n<meta name=\"twitter:label1\" content=\"Escrito por\" \/>\n\t<meta name=\"twitter:data1\" content=\"Claudio R Parrinello\" \/>\n\t<meta name=\"twitter:label2\" content=\"Tiempo de lectura\" \/>\n\t<meta name=\"twitter:data2\" content=\"2 minutos\" \/>\n<script type=\"application\/ld+json\" class=\"yoast-schema-graph\">{\"@context\":\"https:\/\/schema.org\",\"@graph\":[{\"@type\":\"WebPage\",\"@id\":\"https:\/\/convergencia.tech\/inicio\/nanoporos-autoensamblados-detectan-en-tiempo-real-las-proteinas-del-parkinson-y-la-ela\/\",\"url\":\"https:\/\/convergencia.tech\/inicio\/nanoporos-autoensamblados-detectan-en-tiempo-real-las-proteinas-del-parkinson-y-la-ela\/\",\"name\":\"Nanoporos autoensamblados detectan en tiempo real las prote\u00ednas del Parkinson y la ELA - Convergencia.tech\",\"isPartOf\":{\"@id\":\"https:\/\/convergencia.tech\/inicio\/#website\"},\"primaryImageOfPage\":{\"@id\":\"https:\/\/convergencia.tech\/inicio\/nanoporos-autoensamblados-detectan-en-tiempo-real-las-proteinas-del-parkinson-y-la-ela\/#primaryimage\"},\"image\":{\"@id\":\"https:\/\/convergencia.tech\/inicio\/nanoporos-autoensamblados-detectan-en-tiempo-real-las-proteinas-del-parkinson-y-la-ela\/#primaryimage\"},\"thumbnailUrl\":\"https:\/\/convergencia.tech\/inicio\/wp-content\/uploads\/2026\/09\/ChatGPT-Image-3-sept-2026-15_11_24.png\",\"datePublished\":\"2026-09-03T18:12:04+00:00\",\"dateModified\":\"2026-09-03T18:12:05+00:00\",\"author\":{\"@id\":\"https:\/\/convergencia.tech\/inicio\/#\/schema\/person\/e5fe6aa8f1c43ac4a89cbdff073f62d4\"},\"description\":\"Nanoporos autoensamblados detectan en tiempo real las prote\u00ednas del Parkinson y la ELA\",\"breadcrumb\":{\"@id\":\"https:\/\/convergencia.tech\/inicio\/nanoporos-autoensamblados-detectan-en-tiempo-real-las-proteinas-del-parkinson-y-la-ela\/#breadcrumb\"},\"inLanguage\":\"es\",\"potentialAction\":[{\"@type\":\"ReadAction\",\"target\":[\"https:\/\/convergencia.tech\/inicio\/nanoporos-autoensamblados-detectan-en-tiempo-real-las-proteinas-del-parkinson-y-la-ela\/\"]}]},{\"@type\":\"ImageObject\",\"inLanguage\":\"es\",\"@id\":\"https:\/\/convergencia.tech\/inicio\/nanoporos-autoensamblados-detectan-en-tiempo-real-las-proteinas-del-parkinson-y-la-ela\/#primaryimage\",\"url\":\"https:\/\/convergencia.tech\/inicio\/wp-content\/uploads\/2026\/09\/ChatGPT-Image-3-sept-2026-15_11_24.png\",\"contentUrl\":\"https:\/\/convergencia.tech\/inicio\/wp-content\/uploads\/2026\/09\/ChatGPT-Image-3-sept-2026-15_11_24.png\",\"width\":1672,\"height\":941},{\"@type\":\"BreadcrumbList\",\"@id\":\"https:\/\/convergencia.tech\/inicio\/nanoporos-autoensamblados-detectan-en-tiempo-real-las-proteinas-del-parkinson-y-la-ela\/#breadcrumb\",\"itemListElement\":[{\"@type\":\"ListItem\",\"position\":1,\"name\":\"Portada\",\"item\":\"https:\/\/convergencia.tech\/inicio\/\"},{\"@type\":\"ListItem\",\"position\":2,\"name\":\"Nanoporos autoensamblados detectan en tiempo real las prote\u00ednas del Parkinson y la ELA\"}]},{\"@type\":\"WebSite\",\"@id\":\"https:\/\/convergencia.tech\/inicio\/#website\",\"url\":\"https:\/\/convergencia.tech\/inicio\/\",\"name\":\"Convergencia.tech\",\"description\":\"Convergencia.tech\",\"potentialAction\":[{\"@type\":\"SearchAction\",\"target\":{\"@type\":\"EntryPoint\",\"urlTemplate\":\"https:\/\/convergencia.tech\/inicio\/?s={search_term_string}\"},\"query-input\":{\"@type\":\"PropertyValueSpecification\",\"valueRequired\":true,\"valueName\":\"search_term_string\"}}],\"inLanguage\":\"es\"},{\"@type\":\"Person\",\"@id\":\"https:\/\/convergencia.tech\/inicio\/#\/schema\/person\/e5fe6aa8f1c43ac4a89cbdff073f62d4\",\"name\":\"Claudio R Parrinello\",\"image\":{\"@type\":\"ImageObject\",\"inLanguage\":\"es\",\"@id\":\"https:\/\/convergencia.tech\/inicio\/#\/schema\/person\/image\/\",\"url\":\"https:\/\/secure.gravatar.com\/avatar\/4bf26232b2090e32e55cf27d62bd64c1bc43df22f09309d12add5fb6b68e7182?s=96&d=mm&r=g\",\"contentUrl\":\"https:\/\/secure.gravatar.com\/avatar\/4bf26232b2090e32e55cf27d62bd64c1bc43df22f09309d12add5fb6b68e7182?s=96&d=mm&r=g\",\"caption\":\"Claudio R Parrinello\"},\"url\":\"https:\/\/convergencia.tech\/inicio\/author\/c2421210\/\"}]}<\/script>\n<!-- \/ Yoast SEO plugin. -->","yoast_head_json":{"title":"Nanoporos autoensamblados detectan en tiempo real las prote\u00ednas del Parkinson y la ELA - Convergencia.tech","description":"Nanoporos autoensamblados detectan en tiempo real las prote\u00ednas del Parkinson y la ELA","robots":{"index":"index","follow":"follow","max-snippet":"max-snippet:-1","max-image-preview":"max-image-preview:large","max-video-preview":"max-video-preview:-1"},"canonical":"https:\/\/convergencia.tech\/inicio\/nanoporos-autoensamblados-detectan-en-tiempo-real-las-proteinas-del-parkinson-y-la-ela\/","og_locale":"es_ES","og_type":"article","og_title":"Nanoporos autoensamblados detectan en tiempo real las prote\u00ednas del Parkinson y la ELA - Convergencia.tech","og_description":"Nanoporos autoensamblados detectan en tiempo real las prote\u00ednas del Parkinson y la ELA","og_url":"https:\/\/convergencia.tech\/inicio\/nanoporos-autoensamblados-detectan-en-tiempo-real-las-proteinas-del-parkinson-y-la-ela\/","og_site_name":"Convergencia.tech","article_published_time":"2026-09-03T18:12:04+00:00","article_modified_time":"2026-09-03T18:12:05+00:00","og_image":[{"width":1024,"height":576,"url":"https:\/\/convergencia.tech\/inicio\/wp-content\/uploads\/2026\/09\/ChatGPT-Image-3-sept-2026-15_11_24-1024x576.png","type":"image\/png"}],"author":"Claudio R Parrinello","twitter_card":"summary_large_image","twitter_misc":{"Escrito por":"Claudio R Parrinello","Tiempo de lectura":"2 minutos"},"schema":{"@context":"https:\/\/schema.org","@graph":[{"@type":"WebPage","@id":"https:\/\/convergencia.tech\/inicio\/nanoporos-autoensamblados-detectan-en-tiempo-real-las-proteinas-del-parkinson-y-la-ela\/","url":"https:\/\/convergencia.tech\/inicio\/nanoporos-autoensamblados-detectan-en-tiempo-real-las-proteinas-del-parkinson-y-la-ela\/","name":"Nanoporos autoensamblados detectan en tiempo real las prote\u00ednas del Parkinson y la ELA - Convergencia.tech","isPartOf":{"@id":"https:\/\/convergencia.tech\/inicio\/#website"},"primaryImageOfPage":{"@id":"https:\/\/convergencia.tech\/inicio\/nanoporos-autoensamblados-detectan-en-tiempo-real-las-proteinas-del-parkinson-y-la-ela\/#primaryimage"},"image":{"@id":"https:\/\/convergencia.tech\/inicio\/nanoporos-autoensamblados-detectan-en-tiempo-real-las-proteinas-del-parkinson-y-la-ela\/#primaryimage"},"thumbnailUrl":"https:\/\/convergencia.tech\/inicio\/wp-content\/uploads\/2026\/09\/ChatGPT-Image-3-sept-2026-15_11_24.png","datePublished":"2026-09-03T18:12:04+00:00","dateModified":"2026-09-03T18:12:05+00:00","author":{"@id":"https:\/\/convergencia.tech\/inicio\/#\/schema\/person\/e5fe6aa8f1c43ac4a89cbdff073f62d4"},"description":"Nanoporos autoensamblados detectan en tiempo real las prote\u00ednas del Parkinson y la ELA","breadcrumb":{"@id":"https:\/\/convergencia.tech\/inicio\/nanoporos-autoensamblados-detectan-en-tiempo-real-las-proteinas-del-parkinson-y-la-ela\/#breadcrumb"},"inLanguage":"es","potentialAction":[{"@type":"ReadAction","target":["https:\/\/convergencia.tech\/inicio\/nanoporos-autoensamblados-detectan-en-tiempo-real-las-proteinas-del-parkinson-y-la-ela\/"]}]},{"@type":"ImageObject","inLanguage":"es","@id":"https:\/\/convergencia.tech\/inicio\/nanoporos-autoensamblados-detectan-en-tiempo-real-las-proteinas-del-parkinson-y-la-ela\/#primaryimage","url":"https:\/\/convergencia.tech\/inicio\/wp-content\/uploads\/2026\/09\/ChatGPT-Image-3-sept-2026-15_11_24.png","contentUrl":"https:\/\/convergencia.tech\/inicio\/wp-content\/uploads\/2026\/09\/ChatGPT-Image-3-sept-2026-15_11_24.png","width":1672,"height":941},{"@type":"BreadcrumbList","@id":"https:\/\/convergencia.tech\/inicio\/nanoporos-autoensamblados-detectan-en-tiempo-real-las-proteinas-del-parkinson-y-la-ela\/#breadcrumb","itemListElement":[{"@type":"ListItem","position":1,"name":"Portada","item":"https:\/\/convergencia.tech\/inicio\/"},{"@type":"ListItem","position":2,"name":"Nanoporos autoensamblados detectan en tiempo real las prote\u00ednas del Parkinson y la ELA"}]},{"@type":"WebSite","@id":"https:\/\/convergencia.tech\/inicio\/#website","url":"https:\/\/convergencia.tech\/inicio\/","name":"Convergencia.tech","description":"Convergencia.tech","potentialAction":[{"@type":"SearchAction","target":{"@type":"EntryPoint","urlTemplate":"https:\/\/convergencia.tech\/inicio\/?s={search_term_string}"},"query-input":{"@type":"PropertyValueSpecification","valueRequired":true,"valueName":"search_term_string"}}],"inLanguage":"es"},{"@type":"Person","@id":"https:\/\/convergencia.tech\/inicio\/#\/schema\/person\/e5fe6aa8f1c43ac4a89cbdff073f62d4","name":"Claudio R Parrinello","image":{"@type":"ImageObject","inLanguage":"es","@id":"https:\/\/convergencia.tech\/inicio\/#\/schema\/person\/image\/","url":"https:\/\/secure.gravatar.com\/avatar\/4bf26232b2090e32e55cf27d62bd64c1bc43df22f09309d12add5fb6b68e7182?s=96&d=mm&r=g","contentUrl":"https:\/\/secure.gravatar.com\/avatar\/4bf26232b2090e32e55cf27d62bd64c1bc43df22f09309d12add5fb6b68e7182?s=96&d=mm&r=g","caption":"Claudio R Parrinello"},"url":"https:\/\/convergencia.tech\/inicio\/author\/c2421210\/"}]}},"amp_enabled":true,"_links":{"self":[{"href":"https:\/\/convergencia.tech\/inicio\/wp-json\/wp\/v2\/posts\/12634","targetHints":{"allow":["GET"]}}],"collection":[{"href":"https:\/\/convergencia.tech\/inicio\/wp-json\/wp\/v2\/posts"}],"about":[{"href":"https:\/\/convergencia.tech\/inicio\/wp-json\/wp\/v2\/types\/post"}],"author":[{"embeddable":true,"href":"https:\/\/convergencia.tech\/inicio\/wp-json\/wp\/v2\/users\/2"}],"replies":[{"embeddable":true,"href":"https:\/\/convergencia.tech\/inicio\/wp-json\/wp\/v2\/comments?post=12634"}],"version-history":[{"count":1,"href":"https:\/\/convergencia.tech\/inicio\/wp-json\/wp\/v2\/posts\/12634\/revisions"}],"predecessor-version":[{"id":12636,"href":"https:\/\/convergencia.tech\/inicio\/wp-json\/wp\/v2\/posts\/12634\/revisions\/12636"}],"wp:featuredmedia":[{"embeddable":true,"href":"https:\/\/convergencia.tech\/inicio\/wp-json\/wp\/v2\/media\/12635"}],"wp:attachment":[{"href":"https:\/\/convergencia.tech\/inicio\/wp-json\/wp\/v2\/media?parent=12634"}],"wp:term":[{"taxonomy":"category","embeddable":true,"href":"https:\/\/convergencia.tech\/inicio\/wp-json\/wp\/v2\/categories?post=12634"},{"taxonomy":"post_tag","embeddable":true,"href":"https:\/\/convergencia.tech\/inicio\/wp-json\/wp\/v2\/tags?post=12634"}],"curies":[{"name":"wp","href":"https:\/\/api.w.org\/{rel}","templated":true}]}}