{"id":11974,"date":"2026-04-28T15:43:48","date_gmt":"2026-04-28T18:43:48","guid":{"rendered":"https:\/\/convergencia.tech\/inicio\/?p=11974"},"modified":"2026-04-28T15:43:49","modified_gmt":"2026-04-28T18:43:49","slug":"apple-vs-meta-dos-visiones-opuestas-para-el-futuro-de-la-realidad-aumentada","status":"publish","type":"post","link":"https:\/\/convergencia.tech\/inicio\/apple-vs-meta-dos-visiones-opuestas-para-el-futuro-de-la-realidad-aumentada\/","title":{"rendered":"Apple vs. Meta: Dos visiones opuestas para el futuro de la realidad aumentada"},"content":{"rendered":"\n<ul class=\"wp-block-list\">\n<li><\/li>\n<\/ul>\n\n\n\n<h1 class=\"wp-block-heading\"><\/h1>\n\n\n\n<p id=\"p-rc_f45063b908e56833-77\">La industria tecnol\u00f3gica ha llegado a un punto de bifurcaci\u00f3n en 2026. Mientras que el concepto de \u00abmetaverso\u00bb ha evolucionado hacia la <strong>Computaci\u00f3n Espacial<\/strong>, los dos gigantes del sector, Apple y Meta, han tomado caminos radicalmente distintos para conquistar el rostro de los usuarios.<sup><\/sup><\/p>\n\n\n\n<h2 class=\"wp-block-heading\">Meta: La apuesta por el \u00abEspect\u00e1culo Hologr\u00e1fico\u00bb<\/h2>\n\n\n\n<p id=\"p-rc_f45063b908e56833-78\">Meta contin\u00faa empujando los l\u00edmites de la inmersi\u00f3n visual. Con su proyecto <strong>Orion<\/strong>, la compa\u00f1\u00eda de Mark Zuckerberg busca perfeccionar visores que proyectan hologramas complejos y detallados directamente en el campo de visi\u00f3n del usuario.<sup><\/sup><\/p>\n\n\n\n<ul class=\"wp-block-list\">\n<li><strong>Pantallas Hologr\u00e1ficas Transparentes:<\/strong> A diferencia de las pantallas tradicionales, Orion utiliza gu\u00edas de onda avanzadas para superponer informaci\u00f3n digital de forma natural en el mundo f\u00edsico.<\/li>\n\n\n\n<li><strong>Interacci\u00f3n EMG:<\/strong> Meta est\u00e1 integrando bandas neuronales (EMG) que leen se\u00f1ales musculares de la mu\u00f1eca, permitiendo controlar interfaces digitales con gestos casi imperceptibles.<\/li>\n\n\n\n<li><strong>Enfoque:<\/strong> Crear un entorno donde lo virtual y lo real sean indistinguibles, ideal para el trabajo colaborativo remoto y el entretenimiento inmersivo.<\/li>\n<\/ul>\n\n\n\n<h2 class=\"wp-block-heading\">Apple: \u00abAgentic IA\u00bb en un dise\u00f1o convencional<sup><\/sup><\/h2>\n\n\n\n<p id=\"p-rc_f45063b908e56833-82\">Apple, bajo la direcci\u00f3n de su nuevo CEO John Ternus, ha optado por una estrategia m\u00e1s pragm\u00e1tica y centrada en la utilidad diaria.<sup><\/sup> Su enfoque, bajo el nombre interno <strong>Project N50<\/strong>, prioriza la inteligencia sobre la est\u00e9tica visual.<sup><\/sup> +1<\/p>\n\n\n\n<ul class=\"wp-block-list\">\n<li><strong>Dise\u00f1o de \u00abLentes Comunes\u00bb:<\/strong> Apple est\u00e1 probando cuatro estilos de montura (rectangulares, ovaladas y circulares) que parecen gafas graduadas normales, evitando el aspecto voluminoso de los visores actuales.<\/li>\n\n\n\n<li><strong>Inteligencia Visual (IA Ag\u00e9ntica):<\/strong> En lugar de pantallas que bloquean la vista, estas gafas utilizan c\u00e1maras de orientaci\u00f3n vertical para \u00abver\u00bb lo que el usuario ve. La <strong>IA Ag\u00e9ntica<\/strong> procesa este contexto para tomar acciones proactivas: recordar nombres de personas, ofrecer navegaci\u00f3n por voz o comprar un producto que el usuario est\u00e1 observando, todo sin necesidad de una interfaz visual invasiva. +1<\/li>\n\n\n\n<li><strong>Dependencia del iPhone:<\/strong> Para mantener la ligereza y la eficiencia t\u00e9rmica, gran parte del procesamiento pesado se delega al iPhone, permitiendo que las gafas se centren en la captura de datos y la entrega de audio.<\/li>\n<\/ul>\n\n\n\n<h2 class=\"wp-block-heading\">La batalla por la \u00abComputaci\u00f3n de Rostro\u00bb<sup><\/sup><\/h2>\n\n\n\n<p id=\"p-rc_f45063b908e56833-86\">Este duelo define dos filosof\u00edas de producto: Meta quiere que <strong>veamos<\/strong> m\u00e1s, mientras que Apple quiere que <strong>hagamos<\/strong> m\u00e1s con menos distracciones.<sup><\/sup> Mientras los visores de Meta buscan reemplazar la pantalla del ordenador, las gafas de Apple buscan reemplazar la necesidad de sacar el smartphone del bolsillo para tareas cotidianas.<sup><\/sup><\/p>\n\n\n\n<hr class=\"wp-block-separator has-alpha-channel-opacity\"\/>\n\n\n\n<h3 class=\"wp-block-heading\">Fuentes consultadas:<\/h3>\n\n\n\n<p>+1<\/p>\n\n\n\n<ul class=\"wp-block-list\">\n<li><a href=\"https:\/\/treeview.studio\/blog\/best-smart-glasses\" target=\"_blank\" rel=\"noreferrer noopener\">Treeview Studio: Best Smart Glasses in 2026<\/a><\/li>\n\n\n\n<li><a href=\"https:\/\/mashable.com\/article\/apple-testing-four-smart-glasses-designs\" target=\"_blank\" rel=\"noreferrer noopener\">Mashable: Apple is testing four smart glasses designs to compete with Meta<\/a><\/li>\n\n\n\n<li><a href=\"https:\/\/www.blockchain-council.org\/ai\/apples-ar-glasses\/\" target=\"_blank\" rel=\"noreferrer noopener\">Blockchain Council: Apple&#8217;s 2026 AR Glasses Strategy<\/a><\/li>\n\n\n\n<li><a href=\"https:\/\/www.eweek.com\/news\/apple-ai-smart-glasses-meta-ray-ban-competition\/\" target=\"_blank\" rel=\"noreferrer noopener\">eWeek: Apple&#8217;s AI Smart Glasses vs Meta Ray-Ban Competition<\/a><\/li>\n\n\n\n<li><a href=\"https:\/\/blogs.expandreality.io\/apple-vision-pro-vs-meta-orion-a-new-ar-showdown\" target=\"_blank\" rel=\"noreferrer noopener\">Expand Reality: Apple Vision Pro vs Meta Orion &#8211; A New AR Showdown<\/a><\/li>\n<\/ul>\n","protected":false},"excerpt":{"rendered":"<p>La industria tecnol\u00f3gica ha llegado a un punto de bifurcaci\u00f3n en 2026. Mientras que el concepto de \u00abmetaverso\u00bb ha evolucionado hacia la Computaci\u00f3n Espacial, los dos gigantes del sector, Apple y Meta, han tomado caminos radicalmente distintos para conquistar el rostro de los usuarios. Meta: La apuesta por el \u00abEspect\u00e1culo Hologr\u00e1fico\u00bb Meta contin\u00faa empujando los [&hellip;]<\/p>\n","protected":false},"author":2,"featured_media":11975,"comment_status":"open","ping_status":"open","sticky":false,"template":"","format":"standard","meta":{"footnotes":""},"categories":[2],"tags":[],"class_list":["post-11974","post","type-post","status-publish","format-standard","has-post-thumbnail","hentry","category-xr"],"yoast_head":"<!-- This site is optimized with the Yoast SEO plugin v26.0 - https:\/\/yoast.com\/wordpress\/plugins\/seo\/ -->\n<title>Apple vs. Meta: Dos visiones opuestas para el futuro de la realidad aumentada - Convergencia.tech<\/title>\n<meta name=\"description\" content=\"Apple vs. Meta: Dos visiones opuestas para el futuro de la realidad aumentada\" \/>\n<meta name=\"robots\" content=\"index, follow, max-snippet:-1, max-image-preview:large, max-video-preview:-1\" \/>\n<link rel=\"canonical\" href=\"https:\/\/convergencia.tech\/inicio\/apple-vs-meta-dos-visiones-opuestas-para-el-futuro-de-la-realidad-aumentada\/\" \/>\n<meta property=\"og:locale\" content=\"es_ES\" \/>\n<meta property=\"og:type\" content=\"article\" \/>\n<meta property=\"og:title\" content=\"Apple vs. Meta: Dos visiones opuestas para el futuro de la realidad aumentada - Convergencia.tech\" \/>\n<meta property=\"og:description\" content=\"Apple vs. Meta: Dos visiones opuestas para el futuro de la realidad aumentada\" \/>\n<meta property=\"og:url\" content=\"https:\/\/convergencia.tech\/inicio\/apple-vs-meta-dos-visiones-opuestas-para-el-futuro-de-la-realidad-aumentada\/\" \/>\n<meta property=\"og:site_name\" content=\"Convergencia.tech\" \/>\n<meta property=\"article:published_time\" content=\"2026-04-28T18:43:48+00:00\" \/>\n<meta property=\"article:modified_time\" content=\"2026-04-28T18:43:49+00:00\" \/>\n<meta property=\"og:image\" content=\"https:\/\/convergencia.tech\/inicio\/wp-content\/uploads\/2026\/04\/Gemini_Generated_Image_j6q4d0j6q4d0j6q4-1024x572.png\" \/>\n\t<meta property=\"og:image:width\" content=\"1024\" \/>\n\t<meta property=\"og:image:height\" content=\"572\" \/>\n\t<meta property=\"og:image:type\" content=\"image\/png\" \/>\n<meta name=\"author\" content=\"Claudio R Parrinello\" \/>\n<meta name=\"twitter:card\" content=\"summary_large_image\" \/>\n<meta name=\"twitter:label1\" content=\"Escrito por\" \/>\n\t<meta name=\"twitter:data1\" content=\"Claudio R Parrinello\" \/>\n\t<meta name=\"twitter:label2\" content=\"Tiempo de lectura\" \/>\n\t<meta name=\"twitter:data2\" content=\"3 minutos\" \/>\n<script type=\"application\/ld+json\" class=\"yoast-schema-graph\">{\"@context\":\"https:\/\/schema.org\",\"@graph\":[{\"@type\":\"WebPage\",\"@id\":\"https:\/\/convergencia.tech\/inicio\/apple-vs-meta-dos-visiones-opuestas-para-el-futuro-de-la-realidad-aumentada\/\",\"url\":\"https:\/\/convergencia.tech\/inicio\/apple-vs-meta-dos-visiones-opuestas-para-el-futuro-de-la-realidad-aumentada\/\",\"name\":\"Apple vs. Meta: Dos visiones opuestas para el futuro de la realidad aumentada - Convergencia.tech\",\"isPartOf\":{\"@id\":\"https:\/\/convergencia.tech\/inicio\/#website\"},\"primaryImageOfPage\":{\"@id\":\"https:\/\/convergencia.tech\/inicio\/apple-vs-meta-dos-visiones-opuestas-para-el-futuro-de-la-realidad-aumentada\/#primaryimage\"},\"image\":{\"@id\":\"https:\/\/convergencia.tech\/inicio\/apple-vs-meta-dos-visiones-opuestas-para-el-futuro-de-la-realidad-aumentada\/#primaryimage\"},\"thumbnailUrl\":\"https:\/\/convergencia.tech\/inicio\/wp-content\/uploads\/2026\/04\/Gemini_Generated_Image_j6q4d0j6q4d0j6q4.png\",\"datePublished\":\"2026-04-28T18:43:48+00:00\",\"dateModified\":\"2026-04-28T18:43:49+00:00\",\"author\":{\"@id\":\"https:\/\/convergencia.tech\/inicio\/#\/schema\/person\/e5fe6aa8f1c43ac4a89cbdff073f62d4\"},\"description\":\"Apple vs. Meta: Dos visiones opuestas para el futuro de la realidad aumentada\",\"breadcrumb\":{\"@id\":\"https:\/\/convergencia.tech\/inicio\/apple-vs-meta-dos-visiones-opuestas-para-el-futuro-de-la-realidad-aumentada\/#breadcrumb\"},\"inLanguage\":\"es\",\"potentialAction\":[{\"@type\":\"ReadAction\",\"target\":[\"https:\/\/convergencia.tech\/inicio\/apple-vs-meta-dos-visiones-opuestas-para-el-futuro-de-la-realidad-aumentada\/\"]}]},{\"@type\":\"ImageObject\",\"inLanguage\":\"es\",\"@id\":\"https:\/\/convergencia.tech\/inicio\/apple-vs-meta-dos-visiones-opuestas-para-el-futuro-de-la-realidad-aumentada\/#primaryimage\",\"url\":\"https:\/\/convergencia.tech\/inicio\/wp-content\/uploads\/2026\/04\/Gemini_Generated_Image_j6q4d0j6q4d0j6q4.png\",\"contentUrl\":\"https:\/\/convergencia.tech\/inicio\/wp-content\/uploads\/2026\/04\/Gemini_Generated_Image_j6q4d0j6q4d0j6q4.png\",\"width\":1376,\"height\":768},{\"@type\":\"BreadcrumbList\",\"@id\":\"https:\/\/convergencia.tech\/inicio\/apple-vs-meta-dos-visiones-opuestas-para-el-futuro-de-la-realidad-aumentada\/#breadcrumb\",\"itemListElement\":[{\"@type\":\"ListItem\",\"position\":1,\"name\":\"Portada\",\"item\":\"https:\/\/convergencia.tech\/inicio\/\"},{\"@type\":\"ListItem\",\"position\":2,\"name\":\"Apple vs. Meta: Dos visiones opuestas para el futuro de la realidad aumentada\"}]},{\"@type\":\"WebSite\",\"@id\":\"https:\/\/convergencia.tech\/inicio\/#website\",\"url\":\"https:\/\/convergencia.tech\/inicio\/\",\"name\":\"Convergencia.tech\",\"description\":\"Convergencia.tech\",\"potentialAction\":[{\"@type\":\"SearchAction\",\"target\":{\"@type\":\"EntryPoint\",\"urlTemplate\":\"https:\/\/convergencia.tech\/inicio\/?s={search_term_string}\"},\"query-input\":{\"@type\":\"PropertyValueSpecification\",\"valueRequired\":true,\"valueName\":\"search_term_string\"}}],\"inLanguage\":\"es\"},{\"@type\":\"Person\",\"@id\":\"https:\/\/convergencia.tech\/inicio\/#\/schema\/person\/e5fe6aa8f1c43ac4a89cbdff073f62d4\",\"name\":\"Claudio R Parrinello\",\"image\":{\"@type\":\"ImageObject\",\"inLanguage\":\"es\",\"@id\":\"https:\/\/convergencia.tech\/inicio\/#\/schema\/person\/image\/\",\"url\":\"https:\/\/secure.gravatar.com\/avatar\/4bf26232b2090e32e55cf27d62bd64c1bc43df22f09309d12add5fb6b68e7182?s=96&d=mm&r=g\",\"contentUrl\":\"https:\/\/secure.gravatar.com\/avatar\/4bf26232b2090e32e55cf27d62bd64c1bc43df22f09309d12add5fb6b68e7182?s=96&d=mm&r=g\",\"caption\":\"Claudio R Parrinello\"},\"url\":\"https:\/\/convergencia.tech\/inicio\/author\/c2421210\/\"}]}<\/script>\n<!-- \/ Yoast SEO plugin. -->","yoast_head_json":{"title":"Apple vs. Meta: Dos visiones opuestas para el futuro de la realidad aumentada - Convergencia.tech","description":"Apple vs. Meta: Dos visiones opuestas para el futuro de la realidad aumentada","robots":{"index":"index","follow":"follow","max-snippet":"max-snippet:-1","max-image-preview":"max-image-preview:large","max-video-preview":"max-video-preview:-1"},"canonical":"https:\/\/convergencia.tech\/inicio\/apple-vs-meta-dos-visiones-opuestas-para-el-futuro-de-la-realidad-aumentada\/","og_locale":"es_ES","og_type":"article","og_title":"Apple vs. Meta: Dos visiones opuestas para el futuro de la realidad aumentada - Convergencia.tech","og_description":"Apple vs. Meta: Dos visiones opuestas para el futuro de la realidad aumentada","og_url":"https:\/\/convergencia.tech\/inicio\/apple-vs-meta-dos-visiones-opuestas-para-el-futuro-de-la-realidad-aumentada\/","og_site_name":"Convergencia.tech","article_published_time":"2026-04-28T18:43:48+00:00","article_modified_time":"2026-04-28T18:43:49+00:00","og_image":[{"width":1024,"height":572,"url":"https:\/\/convergencia.tech\/inicio\/wp-content\/uploads\/2026\/04\/Gemini_Generated_Image_j6q4d0j6q4d0j6q4-1024x572.png","type":"image\/png"}],"author":"Claudio R Parrinello","twitter_card":"summary_large_image","twitter_misc":{"Escrito por":"Claudio R Parrinello","Tiempo de lectura":"3 minutos"},"schema":{"@context":"https:\/\/schema.org","@graph":[{"@type":"WebPage","@id":"https:\/\/convergencia.tech\/inicio\/apple-vs-meta-dos-visiones-opuestas-para-el-futuro-de-la-realidad-aumentada\/","url":"https:\/\/convergencia.tech\/inicio\/apple-vs-meta-dos-visiones-opuestas-para-el-futuro-de-la-realidad-aumentada\/","name":"Apple vs. Meta: Dos visiones opuestas para el futuro de la realidad aumentada - Convergencia.tech","isPartOf":{"@id":"https:\/\/convergencia.tech\/inicio\/#website"},"primaryImageOfPage":{"@id":"https:\/\/convergencia.tech\/inicio\/apple-vs-meta-dos-visiones-opuestas-para-el-futuro-de-la-realidad-aumentada\/#primaryimage"},"image":{"@id":"https:\/\/convergencia.tech\/inicio\/apple-vs-meta-dos-visiones-opuestas-para-el-futuro-de-la-realidad-aumentada\/#primaryimage"},"thumbnailUrl":"https:\/\/convergencia.tech\/inicio\/wp-content\/uploads\/2026\/04\/Gemini_Generated_Image_j6q4d0j6q4d0j6q4.png","datePublished":"2026-04-28T18:43:48+00:00","dateModified":"2026-04-28T18:43:49+00:00","author":{"@id":"https:\/\/convergencia.tech\/inicio\/#\/schema\/person\/e5fe6aa8f1c43ac4a89cbdff073f62d4"},"description":"Apple vs. Meta: Dos visiones opuestas para el futuro de la realidad aumentada","breadcrumb":{"@id":"https:\/\/convergencia.tech\/inicio\/apple-vs-meta-dos-visiones-opuestas-para-el-futuro-de-la-realidad-aumentada\/#breadcrumb"},"inLanguage":"es","potentialAction":[{"@type":"ReadAction","target":["https:\/\/convergencia.tech\/inicio\/apple-vs-meta-dos-visiones-opuestas-para-el-futuro-de-la-realidad-aumentada\/"]}]},{"@type":"ImageObject","inLanguage":"es","@id":"https:\/\/convergencia.tech\/inicio\/apple-vs-meta-dos-visiones-opuestas-para-el-futuro-de-la-realidad-aumentada\/#primaryimage","url":"https:\/\/convergencia.tech\/inicio\/wp-content\/uploads\/2026\/04\/Gemini_Generated_Image_j6q4d0j6q4d0j6q4.png","contentUrl":"https:\/\/convergencia.tech\/inicio\/wp-content\/uploads\/2026\/04\/Gemini_Generated_Image_j6q4d0j6q4d0j6q4.png","width":1376,"height":768},{"@type":"BreadcrumbList","@id":"https:\/\/convergencia.tech\/inicio\/apple-vs-meta-dos-visiones-opuestas-para-el-futuro-de-la-realidad-aumentada\/#breadcrumb","itemListElement":[{"@type":"ListItem","position":1,"name":"Portada","item":"https:\/\/convergencia.tech\/inicio\/"},{"@type":"ListItem","position":2,"name":"Apple vs. Meta: Dos visiones opuestas para el futuro de la realidad aumentada"}]},{"@type":"WebSite","@id":"https:\/\/convergencia.tech\/inicio\/#website","url":"https:\/\/convergencia.tech\/inicio\/","name":"Convergencia.tech","description":"Convergencia.tech","potentialAction":[{"@type":"SearchAction","target":{"@type":"EntryPoint","urlTemplate":"https:\/\/convergencia.tech\/inicio\/?s={search_term_string}"},"query-input":{"@type":"PropertyValueSpecification","valueRequired":true,"valueName":"search_term_string"}}],"inLanguage":"es"},{"@type":"Person","@id":"https:\/\/convergencia.tech\/inicio\/#\/schema\/person\/e5fe6aa8f1c43ac4a89cbdff073f62d4","name":"Claudio R Parrinello","image":{"@type":"ImageObject","inLanguage":"es","@id":"https:\/\/convergencia.tech\/inicio\/#\/schema\/person\/image\/","url":"https:\/\/secure.gravatar.com\/avatar\/4bf26232b2090e32e55cf27d62bd64c1bc43df22f09309d12add5fb6b68e7182?s=96&d=mm&r=g","contentUrl":"https:\/\/secure.gravatar.com\/avatar\/4bf26232b2090e32e55cf27d62bd64c1bc43df22f09309d12add5fb6b68e7182?s=96&d=mm&r=g","caption":"Claudio R Parrinello"},"url":"https:\/\/convergencia.tech\/inicio\/author\/c2421210\/"}]}},"amp_enabled":true,"_links":{"self":[{"href":"https:\/\/convergencia.tech\/inicio\/wp-json\/wp\/v2\/posts\/11974","targetHints":{"allow":["GET"]}}],"collection":[{"href":"https:\/\/convergencia.tech\/inicio\/wp-json\/wp\/v2\/posts"}],"about":[{"href":"https:\/\/convergencia.tech\/inicio\/wp-json\/wp\/v2\/types\/post"}],"author":[{"embeddable":true,"href":"https:\/\/convergencia.tech\/inicio\/wp-json\/wp\/v2\/users\/2"}],"replies":[{"embeddable":true,"href":"https:\/\/convergencia.tech\/inicio\/wp-json\/wp\/v2\/comments?post=11974"}],"version-history":[{"count":1,"href":"https:\/\/convergencia.tech\/inicio\/wp-json\/wp\/v2\/posts\/11974\/revisions"}],"predecessor-version":[{"id":11976,"href":"https:\/\/convergencia.tech\/inicio\/wp-json\/wp\/v2\/posts\/11974\/revisions\/11976"}],"wp:featuredmedia":[{"embeddable":true,"href":"https:\/\/convergencia.tech\/inicio\/wp-json\/wp\/v2\/media\/11975"}],"wp:attachment":[{"href":"https:\/\/convergencia.tech\/inicio\/wp-json\/wp\/v2\/media?parent=11974"}],"wp:term":[{"taxonomy":"category","embeddable":true,"href":"https:\/\/convergencia.tech\/inicio\/wp-json\/wp\/v2\/categories?post=11974"},{"taxonomy":"post_tag","embeddable":true,"href":"https:\/\/convergencia.tech\/inicio\/wp-json\/wp\/v2\/tags?post=11974"}],"curies":[{"name":"wp","href":"https:\/\/api.w.org\/{rel}","templated":true}]}}