{"id":11956,"date":"2026-04-28T12:55:15","date_gmt":"2026-04-28T15:55:15","guid":{"rendered":"https:\/\/convergencia.tech\/inicio\/?p=11956"},"modified":"2026-04-28T12:58:13","modified_gmt":"2026-04-28T15:58:13","slug":"la-nueva-generacion-de-wearables-el-salto-a-la-salud-ultra-personalizada","status":"publish","type":"post","link":"https:\/\/convergencia.tech\/inicio\/la-nueva-generacion-de-wearables-el-salto-a-la-salud-ultra-personalizada\/","title":{"rendered":"La nueva generaci\u00f3n de wearables: El salto a la salud ultra personalizada"},"content":{"rendered":"\n<p id=\"p-rc_284b3ff91d88de57-29\">En 2026, la frontera entre un accesorio de moda y un dispositivo m\u00e9dico de alta precisi\u00f3n se ha disuelto por completo.<sup><\/sup> Hemos pasado de simples contadores de pasos a <strong>plataformas IA-Nativas<\/strong> que act\u00faan como laboratorios personales en tiempo real, integrando por primera vez nuestra informaci\u00f3n gen\u00e9tica con datos biom\u00e9tricos continuos.<sup><\/sup><\/p>\n\n\n\n<h2 class=\"wp-block-heading\">El salto a la salud ultra personalizada<\/h2>\n\n\n\n<p id=\"p-rc_284b3ff91d88de57-30\">La gran revoluci\u00f3n de este a\u00f1o no es el hardware, sino la inteligencia que procesa los datos. Empresas como <strong>Strand Life Sciences<\/strong> est\u00e1n liderando este cambio mediante la integraci\u00f3n de la gen\u00f3mica con los datos de dispositivos port\u00e1tiles (<em>wearables<\/em>).<sup><\/sup><\/p>\n\n\n\n<p id=\"p-rc_284b3ff91d88de57-31\">Este enfoque permite crear <strong>perfiles de salud ultra personalizados<\/strong> que no solo registran lo que est\u00e1 pasando (tu ritmo card\u00edaco o niveles de glucosa), sino que lo interpretan a la luz de \u00abqui\u00e9n eres\u00bb biol\u00f3gicamente:<sup><\/sup><\/p>\n\n\n\n<ul class=\"wp-block-list\">\n<li><strong>Predicci\u00f3n, no solo reacci\u00f3n:<\/strong> Al cruzar variantes gen\u00e9ticas espec\u00edficas con datos longitudinales de <em>wearables<\/em> (como la variabilidad de la frecuencia card\u00edaca o patrones de sue\u00f1o), la IA puede predecir riesgos de enfermedades antes de que aparezcan s\u00edntomas cl\u00ednicos.<\/li>\n\n\n\n<li><strong>Farmacogen\u00f3mica port\u00e1til:<\/strong> Los dispositivos ahora pueden alertar si un medicamento no est\u00e1 funcionando de manera \u00f3ptima seg\u00fan el metabolismo gen\u00e9tico del usuario, ajustando dosis o sugiriendo alternativas de forma proactiva.<\/li>\n<\/ul>\n\n\n\n<h2 class=\"wp-block-heading\">Del bienestar al grado cl\u00ednico<sup><\/sup><\/h2>\n\n\n\n<p id=\"p-rc_284b3ff91d88de57-34\">La tendencia para 2026 marca un cambio de \u00abdispositivos de consumo\u00bb a <strong>wearables de grado m\u00e9dico espec\u00edficos para condiciones<sup><\/sup><\/strong>.<\/p>\n\n\n\n<ul class=\"wp-block-list\">\n<li><strong>Monitoreo de enfermedades raras:<\/strong> El uso de plataformas impulsadas por IA permite reducir el tiempo de diagn\u00f3stico (la \u00abodisea diagn\u00f3stica\u00bb) de a\u00f1os a meses mediante el seguimiento constante de biomarcadores digitales.<\/li>\n\n\n\n<li><strong>Gemelos Digitales y Gen\u00f3mica:<\/strong> Los datos de los <em>wearables<\/em> alimentan modelos de \u00abgemelos digitales\u00bb que simulan c\u00f3mo responder\u00e1 tu cuerpo a diferentes estilos de vida o tratamientos, bas\u00e1ndose en la secuenciaci\u00f3n de Strand-seq y otros m\u00e9todos avanzados de an\u00e1lisis de genoma personal.<\/li>\n<\/ul>\n\n\n\n<h2 class=\"wp-block-heading\">Desaf\u00edos: Privacidad y Equidad<\/h2>\n\n\n\n<p id=\"p-rc_284b3ff91d88de57-37\">A pesar del avance, la industria enfrenta retos cr\u00edticos este a\u00f1o. El 80% de los ejecutivos de salud se\u00f1alan que la <strong>regulaci\u00f3n y la protecci\u00f3n de datos<\/strong> son sus prioridades para 2026.<sup><\/sup> Adem\u00e1s, existe un esfuerzo global por mitigar el <strong>sesgo algor\u00edtmico<\/strong>, asegurando que estas IA hayan sido entrenadas con datos diversos para que los perfiles de salud sean igual de precisos para todas las etnias y tipos de cuerpo.<sup><\/sup><\/p>\n\n\n\n<hr class=\"wp-block-separator has-alpha-channel-opacity\"\/>\n\n\n\n<h3 class=\"wp-block-heading\">Fuentes consultadas:<\/h3>\n\n\n\n<ul class=\"wp-block-list\">\n<li><a href=\"https:\/\/strandls.com\/\" target=\"_blank\" rel=\"noreferrer noopener\">Strand Life Sciences: Decoding Genomics, Empowering Health<\/a><\/li>\n\n\n\n<li><a href=\"https:\/\/www.applause.com\/blog\/4-digital-health-trends-that-will-define-healthcare-in-2026\/\" target=\"_blank\" rel=\"noreferrer noopener\">Applause: 4 Digital Health Trends That Will Define Healthcare in 2026<\/a><\/li>\n\n\n\n<li><a href=\"https:\/\/www.medrxiv.org\/content\/10.64898\/2026.01.29.26344899v1.full-text\" target=\"_blank\" rel=\"noreferrer noopener\">medRxiv: 11 million days of longitudinal wearable data reveal novel future health insights<\/a><\/li>\n\n\n\n<li><a href=\"https:\/\/www.capgemini.com\/insights\/expert-perspectives\/trends-in-2026-for-healthcare-how-is-ai-making-insight-driven-patient-care-a-reality\/\" target=\"_blank\" rel=\"noreferrer noopener\">Capgemini: Trends in 2026 for healthcare \u2013 How is AI making insight-driven patient care a reality?<\/a><\/li>\n<\/ul>\n","protected":false},"excerpt":{"rendered":"<p>En 2026, la frontera entre un accesorio de moda y un dispositivo m\u00e9dico de alta precisi\u00f3n se ha disuelto por completo. Hemos pasado de simples contadores de pasos a plataformas IA-Nativas que act\u00faan como laboratorios personales en tiempo real, integrando por primera vez nuestra informaci\u00f3n gen\u00e9tica con datos biom\u00e9tricos continuos. El salto a la salud [&hellip;]<\/p>\n","protected":false},"author":2,"featured_media":11957,"comment_status":"open","ping_status":"open","sticky":false,"template":"","format":"standard","meta":{"footnotes":""},"categories":[6,291],"tags":[],"class_list":["post-11956","post","type-post","status-publish","format-standard","has-post-thumbnail","hentry","category-bio","category-concursos"],"yoast_head":"<!-- This site is optimized with the Yoast SEO plugin v26.0 - https:\/\/yoast.com\/wordpress\/plugins\/seo\/ -->\n<title>La nueva generaci\u00f3n de wearables: El salto a la salud ultra personalizada - Convergencia.tech<\/title>\n<meta name=\"description\" content=\"La nueva generaci\u00f3n de wearables: El salto a la salud ultra personalizada\" \/>\n<meta name=\"robots\" content=\"index, follow, max-snippet:-1, max-image-preview:large, max-video-preview:-1\" \/>\n<link rel=\"canonical\" href=\"https:\/\/convergencia.tech\/inicio\/la-nueva-generacion-de-wearables-el-salto-a-la-salud-ultra-personalizada\/\" \/>\n<meta property=\"og:locale\" content=\"es_ES\" \/>\n<meta property=\"og:type\" content=\"article\" \/>\n<meta property=\"og:title\" content=\"La nueva generaci\u00f3n de wearables: El salto a la salud ultra personalizada - Convergencia.tech\" \/>\n<meta property=\"og:description\" content=\"La nueva generaci\u00f3n de wearables: El salto a la salud ultra personalizada\" \/>\n<meta property=\"og:url\" content=\"https:\/\/convergencia.tech\/inicio\/la-nueva-generacion-de-wearables-el-salto-a-la-salud-ultra-personalizada\/\" \/>\n<meta property=\"og:site_name\" content=\"Convergencia.tech\" \/>\n<meta property=\"article:published_time\" content=\"2026-04-28T15:55:15+00:00\" \/>\n<meta property=\"article:modified_time\" content=\"2026-04-28T15:58:13+00:00\" \/>\n<meta property=\"og:image\" content=\"https:\/\/convergencia.tech\/inicio\/wp-content\/uploads\/2026\/04\/Gemini_Generated_Image_k7zz33k7zz33k7zz-1024x572.png\" \/>\n\t<meta property=\"og:image:width\" content=\"1024\" \/>\n\t<meta property=\"og:image:height\" content=\"572\" \/>\n\t<meta property=\"og:image:type\" content=\"image\/png\" \/>\n<meta name=\"author\" content=\"Claudio R Parrinello\" \/>\n<meta name=\"twitter:card\" content=\"summary_large_image\" \/>\n<meta name=\"twitter:label1\" content=\"Escrito por\" \/>\n\t<meta name=\"twitter:data1\" content=\"Claudio R Parrinello\" \/>\n\t<meta name=\"twitter:label2\" content=\"Tiempo de lectura\" \/>\n\t<meta name=\"twitter:data2\" content=\"3 minutos\" \/>\n<script type=\"application\/ld+json\" class=\"yoast-schema-graph\">{\"@context\":\"https:\/\/schema.org\",\"@graph\":[{\"@type\":\"WebPage\",\"@id\":\"https:\/\/convergencia.tech\/inicio\/la-nueva-generacion-de-wearables-el-salto-a-la-salud-ultra-personalizada\/\",\"url\":\"https:\/\/convergencia.tech\/inicio\/la-nueva-generacion-de-wearables-el-salto-a-la-salud-ultra-personalizada\/\",\"name\":\"La nueva generaci\u00f3n de wearables: El salto a la salud ultra personalizada - Convergencia.tech\",\"isPartOf\":{\"@id\":\"https:\/\/convergencia.tech\/inicio\/#website\"},\"primaryImageOfPage\":{\"@id\":\"https:\/\/convergencia.tech\/inicio\/la-nueva-generacion-de-wearables-el-salto-a-la-salud-ultra-personalizada\/#primaryimage\"},\"image\":{\"@id\":\"https:\/\/convergencia.tech\/inicio\/la-nueva-generacion-de-wearables-el-salto-a-la-salud-ultra-personalizada\/#primaryimage\"},\"thumbnailUrl\":\"https:\/\/convergencia.tech\/inicio\/wp-content\/uploads\/2026\/04\/Gemini_Generated_Image_k7zz33k7zz33k7zz.png\",\"datePublished\":\"2026-04-28T15:55:15+00:00\",\"dateModified\":\"2026-04-28T15:58:13+00:00\",\"author\":{\"@id\":\"https:\/\/convergencia.tech\/inicio\/#\/schema\/person\/e5fe6aa8f1c43ac4a89cbdff073f62d4\"},\"description\":\"La nueva generaci\u00f3n de wearables: El salto a la salud ultra personalizada\",\"breadcrumb\":{\"@id\":\"https:\/\/convergencia.tech\/inicio\/la-nueva-generacion-de-wearables-el-salto-a-la-salud-ultra-personalizada\/#breadcrumb\"},\"inLanguage\":\"es\",\"potentialAction\":[{\"@type\":\"ReadAction\",\"target\":[\"https:\/\/convergencia.tech\/inicio\/la-nueva-generacion-de-wearables-el-salto-a-la-salud-ultra-personalizada\/\"]}]},{\"@type\":\"ImageObject\",\"inLanguage\":\"es\",\"@id\":\"https:\/\/convergencia.tech\/inicio\/la-nueva-generacion-de-wearables-el-salto-a-la-salud-ultra-personalizada\/#primaryimage\",\"url\":\"https:\/\/convergencia.tech\/inicio\/wp-content\/uploads\/2026\/04\/Gemini_Generated_Image_k7zz33k7zz33k7zz.png\",\"contentUrl\":\"https:\/\/convergencia.tech\/inicio\/wp-content\/uploads\/2026\/04\/Gemini_Generated_Image_k7zz33k7zz33k7zz.png\",\"width\":1376,\"height\":768},{\"@type\":\"BreadcrumbList\",\"@id\":\"https:\/\/convergencia.tech\/inicio\/la-nueva-generacion-de-wearables-el-salto-a-la-salud-ultra-personalizada\/#breadcrumb\",\"itemListElement\":[{\"@type\":\"ListItem\",\"position\":1,\"name\":\"Portada\",\"item\":\"https:\/\/convergencia.tech\/inicio\/\"},{\"@type\":\"ListItem\",\"position\":2,\"name\":\"La nueva generaci\u00f3n de wearables: El salto a la salud ultra personalizada\"}]},{\"@type\":\"WebSite\",\"@id\":\"https:\/\/convergencia.tech\/inicio\/#website\",\"url\":\"https:\/\/convergencia.tech\/inicio\/\",\"name\":\"Convergencia.tech\",\"description\":\"Convergencia.tech\",\"potentialAction\":[{\"@type\":\"SearchAction\",\"target\":{\"@type\":\"EntryPoint\",\"urlTemplate\":\"https:\/\/convergencia.tech\/inicio\/?s={search_term_string}\"},\"query-input\":{\"@type\":\"PropertyValueSpecification\",\"valueRequired\":true,\"valueName\":\"search_term_string\"}}],\"inLanguage\":\"es\"},{\"@type\":\"Person\",\"@id\":\"https:\/\/convergencia.tech\/inicio\/#\/schema\/person\/e5fe6aa8f1c43ac4a89cbdff073f62d4\",\"name\":\"Claudio R Parrinello\",\"image\":{\"@type\":\"ImageObject\",\"inLanguage\":\"es\",\"@id\":\"https:\/\/convergencia.tech\/inicio\/#\/schema\/person\/image\/\",\"url\":\"https:\/\/secure.gravatar.com\/avatar\/4bf26232b2090e32e55cf27d62bd64c1bc43df22f09309d12add5fb6b68e7182?s=96&d=mm&r=g\",\"contentUrl\":\"https:\/\/secure.gravatar.com\/avatar\/4bf26232b2090e32e55cf27d62bd64c1bc43df22f09309d12add5fb6b68e7182?s=96&d=mm&r=g\",\"caption\":\"Claudio R Parrinello\"},\"url\":\"https:\/\/convergencia.tech\/inicio\/author\/c2421210\/\"}]}<\/script>\n<!-- \/ Yoast SEO plugin. -->","yoast_head_json":{"title":"La nueva generaci\u00f3n de wearables: El salto a la salud ultra personalizada - Convergencia.tech","description":"La nueva generaci\u00f3n de wearables: El salto a la salud ultra personalizada","robots":{"index":"index","follow":"follow","max-snippet":"max-snippet:-1","max-image-preview":"max-image-preview:large","max-video-preview":"max-video-preview:-1"},"canonical":"https:\/\/convergencia.tech\/inicio\/la-nueva-generacion-de-wearables-el-salto-a-la-salud-ultra-personalizada\/","og_locale":"es_ES","og_type":"article","og_title":"La nueva generaci\u00f3n de wearables: El salto a la salud ultra personalizada - Convergencia.tech","og_description":"La nueva generaci\u00f3n de wearables: El salto a la salud ultra personalizada","og_url":"https:\/\/convergencia.tech\/inicio\/la-nueva-generacion-de-wearables-el-salto-a-la-salud-ultra-personalizada\/","og_site_name":"Convergencia.tech","article_published_time":"2026-04-28T15:55:15+00:00","article_modified_time":"2026-04-28T15:58:13+00:00","og_image":[{"width":1024,"height":572,"url":"https:\/\/convergencia.tech\/inicio\/wp-content\/uploads\/2026\/04\/Gemini_Generated_Image_k7zz33k7zz33k7zz-1024x572.png","type":"image\/png"}],"author":"Claudio R Parrinello","twitter_card":"summary_large_image","twitter_misc":{"Escrito por":"Claudio R Parrinello","Tiempo de lectura":"3 minutos"},"schema":{"@context":"https:\/\/schema.org","@graph":[{"@type":"WebPage","@id":"https:\/\/convergencia.tech\/inicio\/la-nueva-generacion-de-wearables-el-salto-a-la-salud-ultra-personalizada\/","url":"https:\/\/convergencia.tech\/inicio\/la-nueva-generacion-de-wearables-el-salto-a-la-salud-ultra-personalizada\/","name":"La nueva generaci\u00f3n de wearables: El salto a la salud ultra personalizada - Convergencia.tech","isPartOf":{"@id":"https:\/\/convergencia.tech\/inicio\/#website"},"primaryImageOfPage":{"@id":"https:\/\/convergencia.tech\/inicio\/la-nueva-generacion-de-wearables-el-salto-a-la-salud-ultra-personalizada\/#primaryimage"},"image":{"@id":"https:\/\/convergencia.tech\/inicio\/la-nueva-generacion-de-wearables-el-salto-a-la-salud-ultra-personalizada\/#primaryimage"},"thumbnailUrl":"https:\/\/convergencia.tech\/inicio\/wp-content\/uploads\/2026\/04\/Gemini_Generated_Image_k7zz33k7zz33k7zz.png","datePublished":"2026-04-28T15:55:15+00:00","dateModified":"2026-04-28T15:58:13+00:00","author":{"@id":"https:\/\/convergencia.tech\/inicio\/#\/schema\/person\/e5fe6aa8f1c43ac4a89cbdff073f62d4"},"description":"La nueva generaci\u00f3n de wearables: El salto a la salud ultra personalizada","breadcrumb":{"@id":"https:\/\/convergencia.tech\/inicio\/la-nueva-generacion-de-wearables-el-salto-a-la-salud-ultra-personalizada\/#breadcrumb"},"inLanguage":"es","potentialAction":[{"@type":"ReadAction","target":["https:\/\/convergencia.tech\/inicio\/la-nueva-generacion-de-wearables-el-salto-a-la-salud-ultra-personalizada\/"]}]},{"@type":"ImageObject","inLanguage":"es","@id":"https:\/\/convergencia.tech\/inicio\/la-nueva-generacion-de-wearables-el-salto-a-la-salud-ultra-personalizada\/#primaryimage","url":"https:\/\/convergencia.tech\/inicio\/wp-content\/uploads\/2026\/04\/Gemini_Generated_Image_k7zz33k7zz33k7zz.png","contentUrl":"https:\/\/convergencia.tech\/inicio\/wp-content\/uploads\/2026\/04\/Gemini_Generated_Image_k7zz33k7zz33k7zz.png","width":1376,"height":768},{"@type":"BreadcrumbList","@id":"https:\/\/convergencia.tech\/inicio\/la-nueva-generacion-de-wearables-el-salto-a-la-salud-ultra-personalizada\/#breadcrumb","itemListElement":[{"@type":"ListItem","position":1,"name":"Portada","item":"https:\/\/convergencia.tech\/inicio\/"},{"@type":"ListItem","position":2,"name":"La nueva generaci\u00f3n de wearables: El salto a la salud ultra personalizada"}]},{"@type":"WebSite","@id":"https:\/\/convergencia.tech\/inicio\/#website","url":"https:\/\/convergencia.tech\/inicio\/","name":"Convergencia.tech","description":"Convergencia.tech","potentialAction":[{"@type":"SearchAction","target":{"@type":"EntryPoint","urlTemplate":"https:\/\/convergencia.tech\/inicio\/?s={search_term_string}"},"query-input":{"@type":"PropertyValueSpecification","valueRequired":true,"valueName":"search_term_string"}}],"inLanguage":"es"},{"@type":"Person","@id":"https:\/\/convergencia.tech\/inicio\/#\/schema\/person\/e5fe6aa8f1c43ac4a89cbdff073f62d4","name":"Claudio R Parrinello","image":{"@type":"ImageObject","inLanguage":"es","@id":"https:\/\/convergencia.tech\/inicio\/#\/schema\/person\/image\/","url":"https:\/\/secure.gravatar.com\/avatar\/4bf26232b2090e32e55cf27d62bd64c1bc43df22f09309d12add5fb6b68e7182?s=96&d=mm&r=g","contentUrl":"https:\/\/secure.gravatar.com\/avatar\/4bf26232b2090e32e55cf27d62bd64c1bc43df22f09309d12add5fb6b68e7182?s=96&d=mm&r=g","caption":"Claudio R Parrinello"},"url":"https:\/\/convergencia.tech\/inicio\/author\/c2421210\/"}]}},"amp_enabled":true,"_links":{"self":[{"href":"https:\/\/convergencia.tech\/inicio\/wp-json\/wp\/v2\/posts\/11956","targetHints":{"allow":["GET"]}}],"collection":[{"href":"https:\/\/convergencia.tech\/inicio\/wp-json\/wp\/v2\/posts"}],"about":[{"href":"https:\/\/convergencia.tech\/inicio\/wp-json\/wp\/v2\/types\/post"}],"author":[{"embeddable":true,"href":"https:\/\/convergencia.tech\/inicio\/wp-json\/wp\/v2\/users\/2"}],"replies":[{"embeddable":true,"href":"https:\/\/convergencia.tech\/inicio\/wp-json\/wp\/v2\/comments?post=11956"}],"version-history":[{"count":1,"href":"https:\/\/convergencia.tech\/inicio\/wp-json\/wp\/v2\/posts\/11956\/revisions"}],"predecessor-version":[{"id":11958,"href":"https:\/\/convergencia.tech\/inicio\/wp-json\/wp\/v2\/posts\/11956\/revisions\/11958"}],"wp:featuredmedia":[{"embeddable":true,"href":"https:\/\/convergencia.tech\/inicio\/wp-json\/wp\/v2\/media\/11957"}],"wp:attachment":[{"href":"https:\/\/convergencia.tech\/inicio\/wp-json\/wp\/v2\/media?parent=11956"}],"wp:term":[{"taxonomy":"category","embeddable":true,"href":"https:\/\/convergencia.tech\/inicio\/wp-json\/wp\/v2\/categories?post=11956"},{"taxonomy":"post_tag","embeddable":true,"href":"https:\/\/convergencia.tech\/inicio\/wp-json\/wp\/v2\/tags?post=11956"}],"curies":[{"name":"wp","href":"https:\/\/api.w.org\/{rel}","templated":true}]}}